{"id":3632,"date":"2021-06-15T11:35:48","date_gmt":"2021-06-15T08:35:48","guid":{"rendered":"https:\/\/www.suvantocare.fi\/?p=3632"},"modified":"2021-06-15T11:55:39","modified_gmt":"2021-06-15T08:55:39","slug":"omaishoitajaliitto-taydet-30-vuotta","status":"publish","type":"post","link":"https:\/\/www.suvantocare.fi\/fi\/omaishoitajaliitto-taydet-30-vuotta\/","title":{"rendered":"Omaishoitajaliitto t\u00e4ydet 30 vuotta!"},"content":{"rendered":"\n<p>Vuonna 1991 perustettu, aluksi nimell\u00e4 \u201dVanhusten omaiset ja l\u00e4heiset ry\u201d toiminut Omaishoitajaliitto juhlii koko vuoden kolmen vuosikymmenen taivaltaan. Juhlavuoden kunniaksi yhdistys on julkaissut\u00a0<em>Omaishoito eilen, t\u00e4n\u00e4\u00e4n ja huomenna<\/em>\u00a0-dokumenttivideon, jossa asiantuntijat sek\u00e4 omaishoitajat pohtivat omaishoitoon liittyvi\u00e4 kysymyksi\u00e4 ja kertovat kokemuksiaan. Dokumentissa muisteluitaan tarjoavat omaishoitajaliiton perustajaj\u00e4senet presidentti Tarja Halonen ja ylisosiaalineuvos Aulikki Kananoja. Lis\u00e4ksi omia n\u00e4kemyksi\u00e4\u00e4n omaishoidon tilanteesta avaavat professori Teppo Kr\u00f6ger, puhemies Anu Vehvil\u00e4inen ja liiton puheenjohtaja Sari Raassina. Omaishoitajaliitto on<a href=\"https:\/\/www.suvantocare.fi\/etahoito-kotihoidossa\/\"> <\/a><a href=\"https:\/\/www.suvantocare.fi\/etahoito-kotihoidossa\/\" target=\"_blank\" rel=\"noreferrer noopener\">SuvantoCaren<\/a><a href=\"https:\/\/www.suvantocare.fi\/etahoito-kotihoidossa\/\"> <\/a>pitk\u00e4aikainen yhteisty\u00f6kumppani. Youtubessa julkaistun dokumentin p\u00e4\u00e4set katsomaan\u00a0<a href=\"https:\/\/www.youtube.com\/watch?v=48mkYbORH_k\" target=\"_blank\" rel=\"noreferrer noopener\">t\u00e4st\u00e4<\/a><a href=\"https:\/\/www.youtube.com\/watch?v=48mkYbORH_k&amp;t=763s\">.<\/a><\/p>\n\n\n\n<h2 class=\"wp-block-heading\">Omaishoitajat saavat oman \u00e4\u00e4nens\u00e4 kuuluviin<\/h2>\n\n\n\n<p>Presidentti Tarja Halonen toimi 90-luvun alussa Vanhus- ja l\u00e4himm\u00e4ispalvelun liitto VALLI ry:n johtajana. Intressiristiriidat l\u00e4heisten ja omaisten v\u00e4lill\u00e4 her\u00e4ttiv\u00e4t kuitenkin huomaamaan, ett\u00e4 omaishoitajat tarvitsevat oman yhdistyksens\u00e4 ajamaan juuri heid\u00e4n asiaansa.<\/p>\n\n\n\n<p>&#8211; Vanhusten kotihoito oli s\u00e4\u00e4telem\u00e4t\u00f6nt\u00e4. L\u00e4heiset eiv\u00e4t saaneet paljonkaan ohjausta tai neuvontaa, puhumattakaan siit\u00e4, ett\u00e4 olisi [rahallisesti] korvattu tai ett\u00e4 heill\u00e4 olisi vapaap\u00e4ivi\u00e4 tai sijaisia, presidentti Halonen muistelee dokumentissa.<\/p>\n\n\n\n<p>30 vuotta sitten yhdistyksen aamunkoitossa sek\u00e4 varhaisissa toimintavuosissa oli mukana my\u00f6s ylisosiaalineuvos Aulikki Kananoja.<\/p>\n\n\n\n<p>&#8211; Oli muodostunut ryhm\u00e4 jonka puolesta ei oikeastaan kukaan puhunut. N\u00e4m\u00e4 ihmiset olivat j\u00e4\u00e4neet varjoon julkiselta sosiaalipolitiikalta, Kananoja avaa omaishoitajien silloista asemaa.<\/p>\n\n\n\n<p>Samaan aikaan valtakunnallisessa politiikassa haluttiin kuitenkin v\u00e4hent\u00e4\u00e4 kalliita sairaala- ja laitospaikkoja entisest\u00e4\u00e4n. Se toi omaishoidon piiriin paljon muutakin kuin laitoshoitoa lykk\u00e4\u00e4v\u00e4\u00e4, ennaltaehk\u00e4isev\u00e4\u00e4 hoitoa.<\/p>\n\n\n\n<p>Jotta raskasta taakkaa jaksaisi kantaa mahdollisimman hyvin, tulee Kananojan mukaan hoidettavalle mahdollistaa tuttu ja turvallinen hoitopaikka omaishoitajan vapaiden ja heng\u00e4hdystaukojen aikana.<\/p>\n\n\n\n<p>&#8211; Ilman ett\u00e4 ihmist\u00e4 heitell\u00e4\u00e4n paikasta toiseen, Kananoja huomauttaa.<\/p>\n\n\n\n<h2 class=\"wp-block-heading\">Omaishoidon haasteena naisten k\u00f6yhyysloukku<\/h2>\n\n\n\n<p>Omaishoidon vapaaehtoisuuden ja elint\u00e4rkeiden tukien puolesta rummuttaa my\u00f6s hoivapalveluiden rakenteisiin perehtynyt yhteiskuntapolitiikan professori Teppo Kr\u00f6ger.<\/p>\n\n\n\n<p>&#8211; Omaishoito on ja tulee olla vapaa valinta. Monella omaishoitajalla ei ole muuta vaihtoehtoa kuin ryhty\u00e4 omaishoitajaksi jos he haluavat tarjota l\u00e4heiselleen hyv\u00e4n hoidon.<\/p>\n\n\n\n<p>Omaishoitoa pidet\u00e4\u00e4n usein hyvin yksityisen\u00e4, perheen sis\u00e4isen\u00e4 asiana vaikka todellisuudessa omaishoitajien panos tuo yhteiskunnalle hyvin suuret s\u00e4\u00e4st\u00f6t. Ristiriitaisessa tilanteessa vanhusten hoito on julkisen sektorin vastuulla mutta k\u00e4yt\u00e4nn\u00f6ss\u00e4 paljon asetetaan omaisten harteille.<\/p>\n\n\n\n<p>&#8211; Koko hoivapolitiikan keskeisin kysymys on ty\u00f6n jako julkisen sektorin vastuun ja perheen sek\u00e4 omaisten vastuun v\u00e4lill\u00e4, Kr\u00f6ger summaa.<\/p>\n\n\n\n<p>Kr\u00f6gerin mukaan omaishoito on ehdottomasti sukupuolikysymys. Sitova hoivavastuu j\u00e4tt\u00e4\u00e4 naiset usein pois ty\u00f6markkinoilta. K\u00f6yhyysloukun vaara uhkaa varsinkin silloin, kun joudutaan tekem\u00e4\u00e4n valinta omaishoidon ja ansioty\u00f6n v\u00e4lill\u00e4. Tutkimustulosten mukaan omaishoito on l\u00e4ht\u00f6kohtaisesti kytk\u00f6ksiss\u00e4 pienituloisuuteen.<\/p>\n\n\n\n<p>&#8211; T\u00e4ll\u00e4 hetkell\u00e4 puolisoiden v\u00e4lisess\u00e4 hoidossa ollaan aika l\u00e4hell\u00e4 miesten ja naisten tasa-arvoa ja yht\u00e4l\u00e4ist\u00e4 vastuuta, mutta monissa muissa omaishoivan asioissa ollaan siit\u00e4 aika kaukana, Kr\u00f6ger kertoo.<\/p>\n\n\n\n<p>Ratkaisuksi Kr\u00f6ger ehdottaa osa-aikaty\u00f6t\u00e4 tai ty\u00f6ajan joustoa. Kr\u00f6ger kannustaa my\u00f6s keskustelemaan, tarvitaanko meill\u00e4 j\u00e4rjestelm\u00e4\u00e4 omaishoidosta johtuvan ansionmenetyksen korvaukseen.- Omaishoito ollut toisarvoinen tekij\u00e4, josta ei ole puhuttu niin paljon kuin lasten hoidosta vaikka tulevaisuudessa omaishoito tulee n\u00e4yttelem\u00e4\u00e4n viel\u00e4 suurempaa roolia, Teppo Kr\u00f6ger huomauttaa dokumentissa.<\/p>\n","protected":false},"excerpt":{"rendered":"<p>Vuonna 1991 perustettu, aluksi nimell\u00e4 \u201dVanhusten omaiset ja l\u00e4heiset ry\u201d toiminut Omaishoitajaliitto juhlii koko vuoden kolmen vuosikymmenen taivaltaan. Juhlavuoden kunniaksi yhdistys on julkaissut\u00a0Omaishoito eilen, t\u00e4n\u00e4\u00e4n ja huomenna\u00a0-dokumenttivideon, jossa asiantuntijat sek\u00e4 omaishoitajat pohtivat omaishoitoon liittyvi\u00e4 kysymyksi\u00e4 ja kertovat kokemuksiaan. Dokumentissa muisteluitaan tarjoavat omaishoitajaliiton perustajaj\u00e4senet presidentti Tarja Halonen ja ylisosiaalineuvos Aulikki Kananoja. Lis\u00e4ksi omia n\u00e4kemyksi\u00e4\u00e4n omaishoidon tilanteesta [&hellip;]<\/p>\n","protected":false},"author":8,"featured_media":1164,"comment_status":"closed","ping_status":"closed","sticky":false,"template":"","format":"standard","meta":{"_acf_changed":false,"footnotes":""},"categories":[21],"tags":[],"class_list":["post-3632","post","type-post","status-publish","format-standard","has-post-thumbnail","hentry","category-blogi"],"acf":[],"yoast_head":"<!-- This site is optimized with the Yoast SEO plugin v27.5 - https:\/\/yoast.com\/product\/yoast-seo-wordpress\/ -->\n<title>Omaishoitajaliitto t\u00e4ydet 30 vuotta! - suvantocare.fi<\/title>\n<meta name=\"description\" content=\"Omaishoitajaliitto julkaisi 30-vuotisjuhlan kunniaksi asiaa ja kokemusta sis\u00e4lt\u00e4v\u00e4n Omaishoito eilen, t\u00e4n\u00e4\u00e4n ja huomenna -videodokumentin.\" \/>\n<meta name=\"robots\" content=\"index, follow, max-snippet:-1, max-image-preview:large, max-video-preview:-1\" \/>\n<link rel=\"canonical\" href=\"https:\/\/www.suvantocare.fi\/fi\/omaishoitajaliitto-taydet-30-vuotta\/\" \/>\n<meta property=\"og:locale\" content=\"en_US\" \/>\n<meta property=\"og:type\" content=\"article\" \/>\n<meta property=\"og:title\" content=\"Omaishoitajaliitto t\u00e4ydet 30 vuotta! - suvantocare.fi\" \/>\n<meta property=\"og:description\" content=\"Omaishoitajaliitto julkaisi 30-vuotisjuhlan kunniaksi asiaa ja kokemusta sis\u00e4lt\u00e4v\u00e4n Omaishoito eilen, t\u00e4n\u00e4\u00e4n ja huomenna -videodokumentin.\" \/>\n<meta property=\"og:url\" content=\"https:\/\/www.suvantocare.fi\/fi\/omaishoitajaliitto-taydet-30-vuotta\/\" \/>\n<meta property=\"og:site_name\" content=\"suvantocare.fi\" \/>\n<meta property=\"article:published_time\" content=\"2021-06-15T08:35:48+00:00\" \/>\n<meta property=\"article:modified_time\" content=\"2021-06-15T08:55:39+00:00\" \/>\n<meta property=\"og:image\" content=\"https:\/\/www.suvantocare.fi\/wp-content\/uploads\/2020\/09\/turvahalytin.jpg\" \/>\n\t<meta property=\"og:image:width\" content=\"932\" \/>\n\t<meta property=\"og:image:height\" content=\"720\" \/>\n\t<meta property=\"og:image:type\" content=\"image\/jpeg\" \/>\n<meta name=\"author\" content=\"Juulia Lahnaoja\" \/>\n<meta name=\"twitter:card\" content=\"summary_large_image\" \/>\n<meta name=\"twitter:label1\" content=\"Written by\" \/>\n\t<meta name=\"twitter:data1\" content=\"Juulia Lahnaoja\" \/>\n\t<meta name=\"twitter:label2\" content=\"Est. reading time\" \/>\n\t<meta name=\"twitter:data2\" content=\"2 minutes\" \/>\n<script type=\"application\/ld+json\" class=\"yoast-schema-graph\">{\"@context\":\"https:\\\/\\\/schema.org\",\"@graph\":[{\"@type\":\"Article\",\"@id\":\"https:\\\/\\\/www.suvantocare.fi\\\/fi\\\/omaishoitajaliitto-taydet-30-vuotta\\\/#article\",\"isPartOf\":{\"@id\":\"https:\\\/\\\/www.suvantocare.fi\\\/fi\\\/omaishoitajaliitto-taydet-30-vuotta\\\/\"},\"author\":{\"name\":\"Juulia Lahnaoja\",\"@id\":\"https:\\\/\\\/www.suvantocare.fi\\\/#\\\/schema\\\/person\\\/9dd1e4d9f596850b1fe80246d91bb348\"},\"headline\":\"Omaishoitajaliitto t\u00e4ydet 30 vuotta!\",\"datePublished\":\"2021-06-15T08:35:48+00:00\",\"dateModified\":\"2021-06-15T08:55:39+00:00\",\"mainEntityOfPage\":{\"@id\":\"https:\\\/\\\/www.suvantocare.fi\\\/fi\\\/omaishoitajaliitto-taydet-30-vuotta\\\/\"},\"wordCount\":509,\"publisher\":{\"@id\":\"https:\\\/\\\/www.suvantocare.fi\\\/#organization\"},\"image\":{\"@id\":\"https:\\\/\\\/www.suvantocare.fi\\\/fi\\\/omaishoitajaliitto-taydet-30-vuotta\\\/#primaryimage\"},\"thumbnailUrl\":\"https:\\\/\\\/www.suvantocare.fi\\\/wp-content\\\/uploads\\\/2020\\\/09\\\/turvahalytin.jpg\",\"articleSection\":[\"Blogi\"],\"inLanguage\":\"en-US\"},{\"@type\":\"WebPage\",\"@id\":\"https:\\\/\\\/www.suvantocare.fi\\\/fi\\\/omaishoitajaliitto-taydet-30-vuotta\\\/\",\"url\":\"https:\\\/\\\/www.suvantocare.fi\\\/fi\\\/omaishoitajaliitto-taydet-30-vuotta\\\/\",\"name\":\"Omaishoitajaliitto t\u00e4ydet 30 vuotta! - suvantocare.fi\",\"isPartOf\":{\"@id\":\"https:\\\/\\\/www.suvantocare.fi\\\/#website\"},\"primaryImageOfPage\":{\"@id\":\"https:\\\/\\\/www.suvantocare.fi\\\/fi\\\/omaishoitajaliitto-taydet-30-vuotta\\\/#primaryimage\"},\"image\":{\"@id\":\"https:\\\/\\\/www.suvantocare.fi\\\/fi\\\/omaishoitajaliitto-taydet-30-vuotta\\\/#primaryimage\"},\"thumbnailUrl\":\"https:\\\/\\\/www.suvantocare.fi\\\/wp-content\\\/uploads\\\/2020\\\/09\\\/turvahalytin.jpg\",\"datePublished\":\"2021-06-15T08:35:48+00:00\",\"dateModified\":\"2021-06-15T08:55:39+00:00\",\"description\":\"Omaishoitajaliitto julkaisi 30-vuotisjuhlan kunniaksi asiaa ja kokemusta sis\u00e4lt\u00e4v\u00e4n Omaishoito eilen, t\u00e4n\u00e4\u00e4n ja huomenna -videodokumentin.\",\"breadcrumb\":{\"@id\":\"https:\\\/\\\/www.suvantocare.fi\\\/fi\\\/omaishoitajaliitto-taydet-30-vuotta\\\/#breadcrumb\"},\"inLanguage\":\"en-US\",\"potentialAction\":[{\"@type\":\"ReadAction\",\"target\":[\"https:\\\/\\\/www.suvantocare.fi\\\/fi\\\/omaishoitajaliitto-taydet-30-vuotta\\\/\"]}]},{\"@type\":\"ImageObject\",\"inLanguage\":\"en-US\",\"@id\":\"https:\\\/\\\/www.suvantocare.fi\\\/fi\\\/omaishoitajaliitto-taydet-30-vuotta\\\/#primaryimage\",\"url\":\"https:\\\/\\\/www.suvantocare.fi\\\/wp-content\\\/uploads\\\/2020\\\/09\\\/turvahalytin.jpg\",\"contentUrl\":\"https:\\\/\\\/www.suvantocare.fi\\\/wp-content\\\/uploads\\\/2020\\\/09\\\/turvahalytin.jpg\",\"width\":932,\"height\":720},{\"@type\":\"BreadcrumbList\",\"@id\":\"https:\\\/\\\/www.suvantocare.fi\\\/fi\\\/omaishoitajaliitto-taydet-30-vuotta\\\/#breadcrumb\",\"itemListElement\":[{\"@type\":\"ListItem\",\"position\":1,\"name\":\"Etusivu\",\"item\":\"https:\\\/\\\/www.suvantocare.fi\\\/fi\\\/\"},{\"@type\":\"ListItem\",\"position\":2,\"name\":\"Blogi\",\"item\":\"https:\\\/\\\/www.suvantocare.fi\\\/fi\\\/category\\\/blogi\\\/\"},{\"@type\":\"ListItem\",\"position\":3,\"name\":\"Omaishoitajaliitto t\u00e4ydet 30 vuotta!\"}]},{\"@type\":\"WebSite\",\"@id\":\"https:\\\/\\\/www.suvantocare.fi\\\/#website\",\"url\":\"https:\\\/\\\/www.suvantocare.fi\\\/\",\"name\":\"suvantocare.fi\",\"description\":\"suvantocare.fi\",\"publisher\":{\"@id\":\"https:\\\/\\\/www.suvantocare.fi\\\/#organization\"},\"potentialAction\":[{\"@type\":\"SearchAction\",\"target\":{\"@type\":\"EntryPoint\",\"urlTemplate\":\"https:\\\/\\\/www.suvantocare.fi\\\/?s={search_term_string}\"},\"query-input\":{\"@type\":\"PropertyValueSpecification\",\"valueRequired\":true,\"valueName\":\"search_term_string\"}}],\"inLanguage\":\"en-US\"},{\"@type\":\"Organization\",\"@id\":\"https:\\\/\\\/www.suvantocare.fi\\\/#organization\",\"name\":\"suvantocare.fi\",\"url\":\"https:\\\/\\\/www.suvantocare.fi\\\/\",\"logo\":{\"@type\":\"ImageObject\",\"inLanguage\":\"en-US\",\"@id\":\"https:\\\/\\\/www.suvantocare.fi\\\/#\\\/schema\\\/logo\\\/image\\\/\",\"url\":\"https:\\\/\\\/www.suvantocare.fi\\\/wp-content\\\/uploads\\\/2020\\\/09\\\/suvantocare-logo.svg\",\"contentUrl\":\"https:\\\/\\\/www.suvantocare.fi\\\/wp-content\\\/uploads\\\/2020\\\/09\\\/suvantocare-logo.svg\",\"caption\":\"suvantocare.fi\"},\"image\":{\"@id\":\"https:\\\/\\\/www.suvantocare.fi\\\/#\\\/schema\\\/logo\\\/image\\\/\"}},{\"@type\":\"Person\",\"@id\":\"https:\\\/\\\/www.suvantocare.fi\\\/#\\\/schema\\\/person\\\/9dd1e4d9f596850b1fe80246d91bb348\",\"name\":\"Juulia Lahnaoja\",\"sameAs\":[\"juulia@seoptimi.fi\"]}]}<\/script>\n<!-- \/ Yoast SEO plugin. -->","yoast_head_json":{"title":"Omaishoitajaliitto t\u00e4ydet 30 vuotta! - suvantocare.fi","description":"Omaishoitajaliitto julkaisi 30-vuotisjuhlan kunniaksi asiaa ja kokemusta sis\u00e4lt\u00e4v\u00e4n Omaishoito eilen, t\u00e4n\u00e4\u00e4n ja huomenna -videodokumentin.","robots":{"index":"index","follow":"follow","max-snippet":"max-snippet:-1","max-image-preview":"max-image-preview:large","max-video-preview":"max-video-preview:-1"},"canonical":"https:\/\/www.suvantocare.fi\/fi\/omaishoitajaliitto-taydet-30-vuotta\/","og_locale":"en_US","og_type":"article","og_title":"Omaishoitajaliitto t\u00e4ydet 30 vuotta! - suvantocare.fi","og_description":"Omaishoitajaliitto julkaisi 30-vuotisjuhlan kunniaksi asiaa ja kokemusta sis\u00e4lt\u00e4v\u00e4n Omaishoito eilen, t\u00e4n\u00e4\u00e4n ja huomenna -videodokumentin.","og_url":"https:\/\/www.suvantocare.fi\/fi\/omaishoitajaliitto-taydet-30-vuotta\/","og_site_name":"suvantocare.fi","article_published_time":"2021-06-15T08:35:48+00:00","article_modified_time":"2021-06-15T08:55:39+00:00","og_image":[{"width":932,"height":720,"url":"https:\/\/www.suvantocare.fi\/wp-content\/uploads\/2020\/09\/turvahalytin.jpg","type":"image\/jpeg"}],"author":"Juulia Lahnaoja","twitter_card":"summary_large_image","twitter_misc":{"Written by":"Juulia Lahnaoja","Est. reading time":"2 minutes"},"schema":{"@context":"https:\/\/schema.org","@graph":[{"@type":"Article","@id":"https:\/\/www.suvantocare.fi\/fi\/omaishoitajaliitto-taydet-30-vuotta\/#article","isPartOf":{"@id":"https:\/\/www.suvantocare.fi\/fi\/omaishoitajaliitto-taydet-30-vuotta\/"},"author":{"name":"Juulia Lahnaoja","@id":"https:\/\/www.suvantocare.fi\/#\/schema\/person\/9dd1e4d9f596850b1fe80246d91bb348"},"headline":"Omaishoitajaliitto t\u00e4ydet 30 vuotta!","datePublished":"2021-06-15T08:35:48+00:00","dateModified":"2021-06-15T08:55:39+00:00","mainEntityOfPage":{"@id":"https:\/\/www.suvantocare.fi\/fi\/omaishoitajaliitto-taydet-30-vuotta\/"},"wordCount":509,"publisher":{"@id":"https:\/\/www.suvantocare.fi\/#organization"},"image":{"@id":"https:\/\/www.suvantocare.fi\/fi\/omaishoitajaliitto-taydet-30-vuotta\/#primaryimage"},"thumbnailUrl":"https:\/\/www.suvantocare.fi\/wp-content\/uploads\/2020\/09\/turvahalytin.jpg","articleSection":["Blogi"],"inLanguage":"en-US"},{"@type":"WebPage","@id":"https:\/\/www.suvantocare.fi\/fi\/omaishoitajaliitto-taydet-30-vuotta\/","url":"https:\/\/www.suvantocare.fi\/fi\/omaishoitajaliitto-taydet-30-vuotta\/","name":"Omaishoitajaliitto t\u00e4ydet 30 vuotta! - suvantocare.fi","isPartOf":{"@id":"https:\/\/www.suvantocare.fi\/#website"},"primaryImageOfPage":{"@id":"https:\/\/www.suvantocare.fi\/fi\/omaishoitajaliitto-taydet-30-vuotta\/#primaryimage"},"image":{"@id":"https:\/\/www.suvantocare.fi\/fi\/omaishoitajaliitto-taydet-30-vuotta\/#primaryimage"},"thumbnailUrl":"https:\/\/www.suvantocare.fi\/wp-content\/uploads\/2020\/09\/turvahalytin.jpg","datePublished":"2021-06-15T08:35:48+00:00","dateModified":"2021-06-15T08:55:39+00:00","description":"Omaishoitajaliitto julkaisi 30-vuotisjuhlan kunniaksi asiaa ja kokemusta sis\u00e4lt\u00e4v\u00e4n Omaishoito eilen, t\u00e4n\u00e4\u00e4n ja huomenna -videodokumentin.","breadcrumb":{"@id":"https:\/\/www.suvantocare.fi\/fi\/omaishoitajaliitto-taydet-30-vuotta\/#breadcrumb"},"inLanguage":"en-US","potentialAction":[{"@type":"ReadAction","target":["https:\/\/www.suvantocare.fi\/fi\/omaishoitajaliitto-taydet-30-vuotta\/"]}]},{"@type":"ImageObject","inLanguage":"en-US","@id":"https:\/\/www.suvantocare.fi\/fi\/omaishoitajaliitto-taydet-30-vuotta\/#primaryimage","url":"https:\/\/www.suvantocare.fi\/wp-content\/uploads\/2020\/09\/turvahalytin.jpg","contentUrl":"https:\/\/www.suvantocare.fi\/wp-content\/uploads\/2020\/09\/turvahalytin.jpg","width":932,"height":720},{"@type":"BreadcrumbList","@id":"https:\/\/www.suvantocare.fi\/fi\/omaishoitajaliitto-taydet-30-vuotta\/#breadcrumb","itemListElement":[{"@type":"ListItem","position":1,"name":"Etusivu","item":"https:\/\/www.suvantocare.fi\/fi\/"},{"@type":"ListItem","position":2,"name":"Blogi","item":"https:\/\/www.suvantocare.fi\/fi\/category\/blogi\/"},{"@type":"ListItem","position":3,"name":"Omaishoitajaliitto t\u00e4ydet 30 vuotta!"}]},{"@type":"WebSite","@id":"https:\/\/www.suvantocare.fi\/#website","url":"https:\/\/www.suvantocare.fi\/","name":"suvantocare.fi","description":"suvantocare.fi","publisher":{"@id":"https:\/\/www.suvantocare.fi\/#organization"},"potentialAction":[{"@type":"SearchAction","target":{"@type":"EntryPoint","urlTemplate":"https:\/\/www.suvantocare.fi\/?s={search_term_string}"},"query-input":{"@type":"PropertyValueSpecification","valueRequired":true,"valueName":"search_term_string"}}],"inLanguage":"en-US"},{"@type":"Organization","@id":"https:\/\/www.suvantocare.fi\/#organization","name":"suvantocare.fi","url":"https:\/\/www.suvantocare.fi\/","logo":{"@type":"ImageObject","inLanguage":"en-US","@id":"https:\/\/www.suvantocare.fi\/#\/schema\/logo\/image\/","url":"https:\/\/www.suvantocare.fi\/wp-content\/uploads\/2020\/09\/suvantocare-logo.svg","contentUrl":"https:\/\/www.suvantocare.fi\/wp-content\/uploads\/2020\/09\/suvantocare-logo.svg","caption":"suvantocare.fi"},"image":{"@id":"https:\/\/www.suvantocare.fi\/#\/schema\/logo\/image\/"}},{"@type":"Person","@id":"https:\/\/www.suvantocare.fi\/#\/schema\/person\/9dd1e4d9f596850b1fe80246d91bb348","name":"Juulia Lahnaoja","sameAs":["juulia@seoptimi.fi"]}]}},"_links":{"self":[{"href":"https:\/\/www.suvantocare.fi\/fi\/wp-json\/wp\/v2\/posts\/3632","targetHints":{"allow":["GET"]}}],"collection":[{"href":"https:\/\/www.suvantocare.fi\/fi\/wp-json\/wp\/v2\/posts"}],"about":[{"href":"https:\/\/www.suvantocare.fi\/fi\/wp-json\/wp\/v2\/types\/post"}],"author":[{"embeddable":true,"href":"https:\/\/www.suvantocare.fi\/fi\/wp-json\/wp\/v2\/users\/8"}],"replies":[{"embeddable":true,"href":"https:\/\/www.suvantocare.fi\/fi\/wp-json\/wp\/v2\/comments?post=3632"}],"version-history":[{"count":2,"href":"https:\/\/www.suvantocare.fi\/fi\/wp-json\/wp\/v2\/posts\/3632\/revisions"}],"predecessor-version":[{"id":3634,"href":"https:\/\/www.suvantocare.fi\/fi\/wp-json\/wp\/v2\/posts\/3632\/revisions\/3634"}],"wp:featuredmedia":[{"embeddable":true,"href":"https:\/\/www.suvantocare.fi\/fi\/wp-json\/wp\/v2\/media\/1164"}],"wp:attachment":[{"href":"https:\/\/www.suvantocare.fi\/fi\/wp-json\/wp\/v2\/media?parent=3632"}],"wp:term":[{"taxonomy":"category","embeddable":true,"href":"https:\/\/www.suvantocare.fi\/fi\/wp-json\/wp\/v2\/categories?post=3632"},{"taxonomy":"post_tag","embeddable":true,"href":"https:\/\/www.suvantocare.fi\/fi\/wp-json\/wp\/v2\/tags?post=3632"}],"curies":[{"name":"wp","href":"https:\/\/api.w.org\/{rel}","templated":true}]}}